{"id":20683,"date":"2015-07-20T14:44:44","date_gmt":"2015-07-20T12:44:44","guid":{"rendered":"http:\/\/metalco-mobiliar.cz\/?p=20683&#038;lang=en"},"modified":"2015-07-20T14:54:40","modified_gmt":"2015-07-20T12:54:40","slug":"%e2%80%aadehors%e2%80%ac-%e2%80%aametalco-allexpo","status":"publish","type":"post","link":"https:\/\/metalco-mobiliar.cz\/en\/%e2%80%aadehors%e2%80%ac-%e2%80%aametalco-allexpo\/","title":{"rendered":"\u202aMetalco&#8217;s&nbsp;Dehors\u202c \u202a@ Expo 2015"},"content":{"rendered":"<p><a class=\"_58cn\" href=\"https:\/\/www.facebook.com\/hashtag\/expomilano?source=feed_text&amp;story_id=945908242126010\" data-ft=\"{&quot;tn&quot;:&quot;*N&quot;,&quot;type&quot;:104}\"><span class=\"_58cm\"><span id=\"result_box\" class=\"short_text\" lang=\"en\"><span class=\"hps alt-edited\">Inaugurated<\/span> <span class=\"hps\">last week<\/span><\/span> the <\/span><\/a><a class=\"_58cn\" href=\"https:\/\/www.facebook.com\/hashtag\/dehors?source=feed_text&amp;story_id=946207498762751\" data-ft=\"{&quot;tn&quot;:&quot;*N&quot;,&quot;type&quot;:104}\"><span class=\"_58cl\">\u202a#\u200e<\/span><span class=\"_58cm\">dehors\u202c<\/span><\/a> of Radio Rai by <a class=\"_58cn\" href=\"https:\/\/www.facebook.com\/hashtag\/metalco?source=feed_text&amp;story_id=946207498762751\" data-ft=\"{&quot;tn&quot;:&quot;*N&quot;,&quot;type&quot;:104}\"><span class=\"_58cl\">\u202a#\u200e<\/span><span class=\"_58cm\">Metalco\u202c<\/span><\/a>, located closed to <a class=\"_58cn\" href=\"https:\/\/www.facebook.com\/hashtag\/palazzoitalia?source=feed_text&amp;story_id=946207498762751\" data-ft=\"{&quot;tn&quot;:&quot;*N&quot;,&quot;type&quot;:104}\"><span class=\"_58cl\">\u202a#\u200e<\/span><span class=\"_58cm\">PalazzoItalia\u202c<\/span><\/a> <a class=\"_58cn\" href=\"https:\/\/www.facebook.com\/hashtag\/expomilano?source=feed_text&amp;story_id=946207498762751\" data-ft=\"{&quot;tn&quot;:&quot;*N&quot;,&quot;type&quot;:104}\"><span class=\"_58cl\">\u202a#\u200e<\/span><span class=\"_58cm\">ExpoMilano\u202c<\/span><\/a>.<br \/>\nAt the inauguration were present Luigi Gubitosi, General Director of RAI, Diana Bracco, Commissioner General of the Italian Pavilion, and Gianluca Galletti, Minister of the Environment.<br \/>\n<a href=\"https:\/\/twitter.com\/MetalcoIT\">@MetalcoIT<\/a> <a class=\"_58cn\" href=\"https:\/\/www.facebook.com\/hashtag\/streetfurniture?source=feed_text&amp;story_id=945908242126010\" data-ft=\"{&quot;tn&quot;:&quot;*N&quot;,&quot;type&quot;:104}\"><span class=\"_58cl\">#\u200e<\/span><span class=\"_58cm\">streetfurniture\u202c<\/span><\/a> <a class=\"_58cn\" href=\"https:\/\/www.facebook.com\/hashtag\/design?source=feed_text&amp;story_id=945908242126010\" data-ft=\"{&quot;tn&quot;:&quot;*N&quot;,&quot;type&quot;:104}\"><span class=\"_58cl\">\u202a#\u200e<\/span><span class=\"_58cm\">design\u202c<\/span><\/a> <a class=\"_58cn\" href=\"https:\/\/www.facebook.com\/hashtag\/expomilano?source=feed_text&amp;story_id=945908242126010\" data-ft=\"{&quot;tn&quot;:&quot;*N&quot;,&quot;type&quot;:104}\"><span class=\"_58cl\">\u202a#\u200e<\/span><span class=\"_58cm\">ExpoMilano\u202c<\/span><\/a><\/p>\n<p><a href=\"http:\/\/metalco-mobiliar.cz\/news\/wp-content\/uploads\/2015\/07\/DEHORS-EXPO-MI-2.jpg\"><img loading=\"lazy\" decoding=\"async\" class=\"alignnone size-full wp-image-20680\" src=\"http:\/\/metalco-mobiliar.cz\/news\/wp-content\/uploads\/2015\/07\/DEHORS-EXPO-MI-2.jpg\" alt=\"DEHORS EXPO MI 2\" width=\"915\" height=\"326\" srcset=\"https:\/\/metalco-mobiliar.cz\/news\/wp-content\/uploads\/2015\/07\/DEHORS-EXPO-MI-2.jpg 915w, https:\/\/metalco-mobiliar.cz\/news\/wp-content\/uploads\/2015\/07\/DEHORS-EXPO-MI-2-300x107.jpg 300w, https:\/\/metalco-mobiliar.cz\/news\/wp-content\/uploads\/2015\/07\/DEHORS-EXPO-MI-2-842x300.jpg 842w, https:\/\/metalco-mobiliar.cz\/news\/wp-content\/uploads\/2015\/07\/DEHORS-EXPO-MI-2-340x121.jpg 340w, https:\/\/metalco-mobiliar.cz\/news\/wp-content\/uploads\/2015\/07\/DEHORS-EXPO-MI-2-624x222.jpg 624w\" sizes=\"(max-width: 915px) 100vw, 915px\" \/><\/a><\/p>\n","protected":false},"excerpt":{"rendered":"<p>Inaugurated last week the \u202a#\u200edehors\u202c of Radio Rai by \u202a#\u200eMetalco\u202c, located closed to \u202a#\u200ePalazzoItalia\u202c \u202a#\u200eExpoMilano\u202c. At the inauguration were present Luigi Gubitosi, General Director of RAI, Diana Bracco, Commissioner General of the Italian Pavilion, and Gianluca Galletti, Minister of the Environment. @MetalcoIT #\u200estreetfurniture\u202c \u202a#\u200edesign\u202c \u202a#\u200eExpoMilano\u202c<\/p>\n","protected":false},"author":318,"featured_media":20688,"comment_status":"closed","ping_status":"closed","sticky":false,"template":"","format":"standard","meta":{"_acf_changed":false,"footnotes":""},"categories":[1],"tags":[],"class_list":["post-20683","post","type-post","status-publish","format-standard","has-post-thumbnail","hentry","category-news"],"acf":[],"yoast_head":"<!-- This site is optimized with the Yoast SEO plugin v23.2 - https:\/\/yoast.com\/wordpress\/plugins\/seo\/ -->\n<title>\u202aMetalco&#039;s Dehors\u202c \u202a@ Expo 2015 - Metalco Mobiliar<\/title>\n<meta name=\"robots\" content=\"index, follow, max-snippet:-1, max-image-preview:large, max-video-preview:-1\" \/>\n<link rel=\"canonical\" href=\"https:\/\/metalco-mobiliar.cz\/en\/\u202adehors\u202c-\u202ametalco-allexpo\/\" \/>\n<meta property=\"og:locale\" content=\"en_US\" \/>\n<meta property=\"og:type\" content=\"article\" \/>\n<meta property=\"og:title\" content=\"\u202aMetalco&#039;s Dehors\u202c \u202a@ Expo 2015 - Metalco Mobiliar\" \/>\n<meta property=\"og:description\" content=\"Inaugurated last week the \u202a#\u200edehors\u202c of Radio Rai by \u202a#\u200eMetalco\u202c, located closed to \u202a#\u200ePalazzoItalia\u202c \u202a#\u200eExpoMilano\u202c. At the inauguration were present Luigi Gubitosi, General Director of RAI, Diana Bracco, Commissioner General of the Italian Pavilion, and Gianluca Galletti, Minister of the Environment. @MetalcoIT #\u200estreetfurniture\u202c \u202a#\u200edesign\u202c \u202a#\u200eExpoMilano\u202c\" \/>\n<meta property=\"og:url\" content=\"https:\/\/metalco-mobiliar.cz\/en\/\u202adehors\u202c-\u202ametalco-allexpo\/\" \/>\n<meta property=\"og:site_name\" content=\"Metalco Mobiliar\" \/>\n<meta property=\"article:published_time\" content=\"2015-07-20T12:44:44+00:00\" \/>\n<meta property=\"article:modified_time\" content=\"2015-07-20T12:54:40+00:00\" \/>\n<meta property=\"og:image\" content=\"https:\/\/metalco-mobiliar.cz\/news\/wp-content\/uploads\/2015\/07\/DEHORS-EXPO-MI-11.jpg\" \/>\n\t<meta property=\"og:image:width\" content=\"915\" \/>\n\t<meta property=\"og:image:height\" content=\"600\" \/>\n\t<meta property=\"og:image:type\" content=\"image\/jpeg\" \/>\n<meta name=\"author\" content=\"metalco-mob\" \/>\n<meta name=\"twitter:label1\" content=\"Written by\" \/>\n\t<meta name=\"twitter:data1\" content=\"metalco-mob\" \/>\n<script type=\"application\/ld+json\" class=\"yoast-schema-graph\">{\"@context\":\"https:\/\/schema.org\",\"@graph\":[{\"@type\":\"WebPage\",\"@id\":\"https:\/\/metalco-mobiliar.cz\/en\/%e2%80%aadehors%e2%80%ac-%e2%80%aametalco-allexpo\/\",\"url\":\"https:\/\/metalco-mobiliar.cz\/en\/%e2%80%aadehors%e2%80%ac-%e2%80%aametalco-allexpo\/\",\"name\":\"\u202aMetalco's Dehors\u202c \u202a@ Expo 2015 - Metalco Mobiliar\",\"isPartOf\":{\"@id\":\"https:\/\/metalco-mobiliar.cz\/#website\"},\"primaryImageOfPage\":{\"@id\":\"https:\/\/metalco-mobiliar.cz\/en\/%e2%80%aadehors%e2%80%ac-%e2%80%aametalco-allexpo\/#primaryimage\"},\"image\":{\"@id\":\"https:\/\/metalco-mobiliar.cz\/en\/%e2%80%aadehors%e2%80%ac-%e2%80%aametalco-allexpo\/#primaryimage\"},\"thumbnailUrl\":\"https:\/\/metalco-mobiliar.cz\/news\/wp-content\/uploads\/2015\/07\/DEHORS-EXPO-MI-11.jpg\",\"datePublished\":\"2015-07-20T12:44:44+00:00\",\"dateModified\":\"2015-07-20T12:54:40+00:00\",\"author\":{\"@id\":\"https:\/\/metalco-mobiliar.cz\/#\/schema\/person\/f719e9041b7adf3796e1d6612590a5a2\"},\"breadcrumb\":{\"@id\":\"https:\/\/metalco-mobiliar.cz\/en\/%e2%80%aadehors%e2%80%ac-%e2%80%aametalco-allexpo\/#breadcrumb\"},\"inLanguage\":\"en-US\",\"potentialAction\":[{\"@type\":\"ReadAction\",\"target\":[\"https:\/\/metalco-mobiliar.cz\/en\/%e2%80%aadehors%e2%80%ac-%e2%80%aametalco-allexpo\/\"]}]},{\"@type\":\"ImageObject\",\"inLanguage\":\"en-US\",\"@id\":\"https:\/\/metalco-mobiliar.cz\/en\/%e2%80%aadehors%e2%80%ac-%e2%80%aametalco-allexpo\/#primaryimage\",\"url\":\"https:\/\/metalco-mobiliar.cz\/news\/wp-content\/uploads\/2015\/07\/DEHORS-EXPO-MI-11.jpg\",\"contentUrl\":\"https:\/\/metalco-mobiliar.cz\/news\/wp-content\/uploads\/2015\/07\/DEHORS-EXPO-MI-11.jpg\",\"width\":915,\"height\":600},{\"@type\":\"BreadcrumbList\",\"@id\":\"https:\/\/metalco-mobiliar.cz\/en\/%e2%80%aadehors%e2%80%ac-%e2%80%aametalco-allexpo\/#breadcrumb\",\"itemListElement\":[{\"@type\":\"ListItem\",\"position\":1,\"name\":\"Home\",\"item\":\"https:\/\/metalco-mobiliar.cz\/en\/\"},{\"@type\":\"ListItem\",\"position\":2,\"name\":\"\u202aMetalco&#8217;s&nbsp;Dehors\u202c \u202a@ Expo 2015\"}]},{\"@type\":\"WebSite\",\"@id\":\"https:\/\/metalco-mobiliar.cz\/#website\",\"url\":\"https:\/\/metalco-mobiliar.cz\/\",\"name\":\"Metalco \u2013 m\u011bstsk\u00fd mobili\u00e1\u0159\",\"description\":\"M\u011bstsk\u00fd mobili\u00e1\u0159 Metalco\",\"potentialAction\":[{\"@type\":\"SearchAction\",\"target\":{\"@type\":\"EntryPoint\",\"urlTemplate\":\"https:\/\/metalco-mobiliar.cz\/?s={search_term_string}\"},\"query-input\":\"required name=search_term_string\"}],\"inLanguage\":\"en-US\"},{\"@type\":\"Person\",\"@id\":\"https:\/\/metalco-mobiliar.cz\/#\/schema\/person\/f719e9041b7adf3796e1d6612590a5a2\",\"name\":\"metalco-mob\",\"image\":{\"@type\":\"ImageObject\",\"inLanguage\":\"en-US\",\"@id\":\"https:\/\/metalco-mobiliar.cz\/#\/schema\/person\/image\/\",\"url\":\"https:\/\/secure.gravatar.com\/avatar\/9c40d009c123e632fd259a6cd7e52661?s=96&d=mm&r=g\",\"contentUrl\":\"https:\/\/secure.gravatar.com\/avatar\/9c40d009c123e632fd259a6cd7e52661?s=96&d=mm&r=g\",\"caption\":\"metalco-mob\"}}]}<\/script>\n<!-- \/ Yoast SEO plugin. -->","yoast_head_json":{"title":"\u202aMetalco's Dehors\u202c \u202a@ Expo 2015 - Metalco Mobiliar","robots":{"index":"index","follow":"follow","max-snippet":"max-snippet:-1","max-image-preview":"max-image-preview:large","max-video-preview":"max-video-preview:-1"},"canonical":"https:\/\/metalco-mobiliar.cz\/en\/\u202adehors\u202c-\u202ametalco-allexpo\/","og_locale":"en_US","og_type":"article","og_title":"\u202aMetalco's Dehors\u202c \u202a@ Expo 2015 - Metalco Mobiliar","og_description":"Inaugurated last week the \u202a#\u200edehors\u202c of Radio Rai by \u202a#\u200eMetalco\u202c, located closed to \u202a#\u200ePalazzoItalia\u202c \u202a#\u200eExpoMilano\u202c. At the inauguration were present Luigi Gubitosi, General Director of RAI, Diana Bracco, Commissioner General of the Italian Pavilion, and Gianluca Galletti, Minister of the Environment. @MetalcoIT #\u200estreetfurniture\u202c \u202a#\u200edesign\u202c \u202a#\u200eExpoMilano\u202c","og_url":"https:\/\/metalco-mobiliar.cz\/en\/\u202adehors\u202c-\u202ametalco-allexpo\/","og_site_name":"Metalco Mobiliar","article_published_time":"2015-07-20T12:44:44+00:00","article_modified_time":"2015-07-20T12:54:40+00:00","og_image":[{"width":915,"height":600,"url":"https:\/\/metalco-mobiliar.cz\/news\/wp-content\/uploads\/2015\/07\/DEHORS-EXPO-MI-11.jpg","type":"image\/jpeg"}],"author":"metalco-mob","twitter_misc":{"Written by":"metalco-mob"},"schema":{"@context":"https:\/\/schema.org","@graph":[{"@type":"WebPage","@id":"https:\/\/metalco-mobiliar.cz\/en\/%e2%80%aadehors%e2%80%ac-%e2%80%aametalco-allexpo\/","url":"https:\/\/metalco-mobiliar.cz\/en\/%e2%80%aadehors%e2%80%ac-%e2%80%aametalco-allexpo\/","name":"\u202aMetalco's Dehors\u202c \u202a@ Expo 2015 - Metalco Mobiliar","isPartOf":{"@id":"https:\/\/metalco-mobiliar.cz\/#website"},"primaryImageOfPage":{"@id":"https:\/\/metalco-mobiliar.cz\/en\/%e2%80%aadehors%e2%80%ac-%e2%80%aametalco-allexpo\/#primaryimage"},"image":{"@id":"https:\/\/metalco-mobiliar.cz\/en\/%e2%80%aadehors%e2%80%ac-%e2%80%aametalco-allexpo\/#primaryimage"},"thumbnailUrl":"https:\/\/metalco-mobiliar.cz\/news\/wp-content\/uploads\/2015\/07\/DEHORS-EXPO-MI-11.jpg","datePublished":"2015-07-20T12:44:44+00:00","dateModified":"2015-07-20T12:54:40+00:00","author":{"@id":"https:\/\/metalco-mobiliar.cz\/#\/schema\/person\/f719e9041b7adf3796e1d6612590a5a2"},"breadcrumb":{"@id":"https:\/\/metalco-mobiliar.cz\/en\/%e2%80%aadehors%e2%80%ac-%e2%80%aametalco-allexpo\/#breadcrumb"},"inLanguage":"en-US","potentialAction":[{"@type":"ReadAction","target":["https:\/\/metalco-mobiliar.cz\/en\/%e2%80%aadehors%e2%80%ac-%e2%80%aametalco-allexpo\/"]}]},{"@type":"ImageObject","inLanguage":"en-US","@id":"https:\/\/metalco-mobiliar.cz\/en\/%e2%80%aadehors%e2%80%ac-%e2%80%aametalco-allexpo\/#primaryimage","url":"https:\/\/metalco-mobiliar.cz\/news\/wp-content\/uploads\/2015\/07\/DEHORS-EXPO-MI-11.jpg","contentUrl":"https:\/\/metalco-mobiliar.cz\/news\/wp-content\/uploads\/2015\/07\/DEHORS-EXPO-MI-11.jpg","width":915,"height":600},{"@type":"BreadcrumbList","@id":"https:\/\/metalco-mobiliar.cz\/en\/%e2%80%aadehors%e2%80%ac-%e2%80%aametalco-allexpo\/#breadcrumb","itemListElement":[{"@type":"ListItem","position":1,"name":"Home","item":"https:\/\/metalco-mobiliar.cz\/en\/"},{"@type":"ListItem","position":2,"name":"\u202aMetalco&#8217;s&nbsp;Dehors\u202c \u202a@ Expo 2015"}]},{"@type":"WebSite","@id":"https:\/\/metalco-mobiliar.cz\/#website","url":"https:\/\/metalco-mobiliar.cz\/","name":"Metalco \u2013 m\u011bstsk\u00fd mobili\u00e1\u0159","description":"M\u011bstsk\u00fd mobili\u00e1\u0159 Metalco","potentialAction":[{"@type":"SearchAction","target":{"@type":"EntryPoint","urlTemplate":"https:\/\/metalco-mobiliar.cz\/?s={search_term_string}"},"query-input":"required name=search_term_string"}],"inLanguage":"en-US"},{"@type":"Person","@id":"https:\/\/metalco-mobiliar.cz\/#\/schema\/person\/f719e9041b7adf3796e1d6612590a5a2","name":"metalco-mob","image":{"@type":"ImageObject","inLanguage":"en-US","@id":"https:\/\/metalco-mobiliar.cz\/#\/schema\/person\/image\/","url":"https:\/\/secure.gravatar.com\/avatar\/9c40d009c123e632fd259a6cd7e52661?s=96&d=mm&r=g","contentUrl":"https:\/\/secure.gravatar.com\/avatar\/9c40d009c123e632fd259a6cd7e52661?s=96&d=mm&r=g","caption":"metalco-mob"}}]}},"_links":{"self":[{"href":"https:\/\/metalco-mobiliar.cz\/en\/wp-json\/wp\/v2\/posts\/20683"}],"collection":[{"href":"https:\/\/metalco-mobiliar.cz\/en\/wp-json\/wp\/v2\/posts"}],"about":[{"href":"https:\/\/metalco-mobiliar.cz\/en\/wp-json\/wp\/v2\/types\/post"}],"author":[{"embeddable":true,"href":"https:\/\/metalco-mobiliar.cz\/en\/wp-json\/wp\/v2\/users\/318"}],"replies":[{"embeddable":true,"href":"https:\/\/metalco-mobiliar.cz\/en\/wp-json\/wp\/v2\/comments?post=20683"}],"version-history":[{"count":0,"href":"https:\/\/metalco-mobiliar.cz\/en\/wp-json\/wp\/v2\/posts\/20683\/revisions"}],"wp:featuredmedia":[{"embeddable":true,"href":"https:\/\/metalco-mobiliar.cz\/en\/wp-json\/wp\/v2\/media\/20688"}],"wp:attachment":[{"href":"https:\/\/metalco-mobiliar.cz\/en\/wp-json\/wp\/v2\/media?parent=20683"}],"wp:term":[{"taxonomy":"category","embeddable":true,"href":"https:\/\/metalco-mobiliar.cz\/en\/wp-json\/wp\/v2\/categories?post=20683"},{"taxonomy":"post_tag","embeddable":true,"href":"https:\/\/metalco-mobiliar.cz\/en\/wp-json\/wp\/v2\/tags?post=20683"}],"curies":[{"name":"wp","href":"https:\/\/api.w.org\/{rel}","templated":true}]}}