{"id":33343,"date":"2021-10-19T12:49:53","date_gmt":"2021-10-19T10:49:53","guid":{"rendered":"http:\/\/metalco-mobiliar.cz\/?p=33343"},"modified":"2021-10-19T12:49:55","modified_gmt":"2021-10-19T10:49:55","slug":"garda-a-new-element-for-life-in-the-city","status":"publish","type":"post","link":"https:\/\/metalco-mobiliar.cz\/en\/garda-a-new-element-for-life-in-the-city\/","title":{"rendered":"GARDA A NEW ELEMENT FOR LIFE IN THE CITY"},"content":{"rendered":"\n<p>As our society seeks to transition towards an ever more sustainable lifestyle, a cleaner alternative to the systematic use of cars continues to gain ground: the bicycle. A cyclist, however, must be able find a place to park and store it in a way that is effective, efficient, and secure.<\/p>\n\n\n\n<p>Bicycle parking stations support sustainable mobility. In fact,\u00a0<strong>if placed in strategic spaces<\/strong>, they are a useful tool both in\u00a0<strong>facilitating the order and organization<\/strong>\u00a0of public places and in\u00a0<strong>restoring the beauty and d\u00e9cor of the city<\/strong>.<\/p>\n\n\n\n<figure class=\"wp-block-image size-large\"><img loading=\"lazy\" decoding=\"async\" width=\"800\" height=\"397\" src=\"http:\/\/metalco-mobiliar.cz\/news\/wp-content\/uploads\/2021\/10\/Box-pro-j\u00edzdn\u00ed-kola_garda.jpg\" alt=\"\" class=\"wp-image-33337\" srcset=\"https:\/\/metalco-mobiliar.cz\/news\/wp-content\/uploads\/2021\/10\/Box-pro-j\u00edzdn\u00ed-kola_garda.jpg 800w, https:\/\/metalco-mobiliar.cz\/news\/wp-content\/uploads\/2021\/10\/Box-pro-j\u00edzdn\u00ed-kola_garda-300x149.jpg 300w, https:\/\/metalco-mobiliar.cz\/news\/wp-content\/uploads\/2021\/10\/Box-pro-j\u00edzdn\u00ed-kola_garda-605x300.jpg 605w, https:\/\/metalco-mobiliar.cz\/news\/wp-content\/uploads\/2021\/10\/Box-pro-j\u00edzdn\u00ed-kola_garda-768x381.jpg 768w, https:\/\/metalco-mobiliar.cz\/news\/wp-content\/uploads\/2021\/10\/Box-pro-j\u00edzdn\u00ed-kola_garda-340x169.jpg 340w, https:\/\/metalco-mobiliar.cz\/news\/wp-content\/uploads\/2021\/10\/Box-pro-j\u00edzdn\u00ed-kola_garda-624x310.jpg 624w\" sizes=\"(max-width: 800px) 100vw, 800px\" \/><\/figure>\n\n\n\n<p class=\"has-text-align-center\"><a href=\"https:\/\/metalco-mobiliar.cz\/news\/wp-content\/uploads\/2021\/10\/GARDA_METALCO_01.10.21.pdf\">Download brochure&gt;&gt;<\/a><\/p>\n","protected":false},"excerpt":{"rendered":"<p>As our society seeks to transition towards an ever more sustainable lifestyle, a cleaner alternative to the systematic use of cars continues to gain ground: the bicycle. A cyclist, however, must be able find a place to park and store it in a way that is effective, efficient, and secure. Bicycle parking stations support sustainable [&hellip;]<\/p>\n","protected":false},"author":318,"featured_media":33340,"comment_status":"closed","ping_status":"closed","sticky":false,"template":"","format":"standard","meta":{"_acf_changed":false,"footnotes":""},"categories":[777],"tags":[],"class_list":["post-33343","post","type-post","status-publish","format-standard","has-post-thumbnail","hentry","category-news-en"],"acf":[],"yoast_head":"<!-- This site is optimized with the Yoast SEO plugin v23.2 - https:\/\/yoast.com\/wordpress\/plugins\/seo\/ -->\n<title>GARDA A NEW ELEMENT FOR LIFE IN THE CITY - Metalco Mobiliar<\/title>\n<meta name=\"robots\" content=\"index, follow, max-snippet:-1, max-image-preview:large, max-video-preview:-1\" \/>\n<link rel=\"canonical\" href=\"https:\/\/metalco-mobiliar.cz\/en\/garda-a-new-element-for-life-in-the-city\/\" \/>\n<meta property=\"og:locale\" content=\"en_US\" \/>\n<meta property=\"og:type\" content=\"article\" \/>\n<meta property=\"og:title\" content=\"GARDA A NEW ELEMENT FOR LIFE IN THE CITY - Metalco Mobiliar\" \/>\n<meta property=\"og:description\" content=\"As our society seeks to transition towards an ever more sustainable lifestyle, a cleaner alternative to the systematic use of cars continues to gain ground: the bicycle. A cyclist, however, must be able find a place to park and store it in a way that is effective, efficient, and secure. Bicycle parking stations support sustainable [&hellip;]\" \/>\n<meta property=\"og:url\" content=\"https:\/\/metalco-mobiliar.cz\/en\/garda-a-new-element-for-life-in-the-city\/\" \/>\n<meta property=\"og:site_name\" content=\"Metalco Mobiliar\" \/>\n<meta property=\"article:published_time\" content=\"2021-10-19T10:49:53+00:00\" \/>\n<meta property=\"article:modified_time\" content=\"2021-10-19T10:49:55+00:00\" \/>\n<meta property=\"og:image\" content=\"https:\/\/metalco-mobiliar.cz\/news\/wp-content\/uploads\/2021\/10\/box-na-j\u00eddzn\u00ed-kola.jpg\" \/>\n\t<meta property=\"og:image:width\" content=\"800\" \/>\n\t<meta property=\"og:image:height\" content=\"505\" \/>\n\t<meta property=\"og:image:type\" content=\"image\/jpeg\" \/>\n<meta name=\"author\" content=\"metalco-mob\" \/>\n<meta name=\"twitter:label1\" content=\"Written by\" \/>\n\t<meta name=\"twitter:data1\" content=\"metalco-mob\" \/>\n<script type=\"application\/ld+json\" class=\"yoast-schema-graph\">{\"@context\":\"https:\/\/schema.org\",\"@graph\":[{\"@type\":\"WebPage\",\"@id\":\"https:\/\/metalco-mobiliar.cz\/en\/garda-a-new-element-for-life-in-the-city\/\",\"url\":\"https:\/\/metalco-mobiliar.cz\/en\/garda-a-new-element-for-life-in-the-city\/\",\"name\":\"GARDA A NEW ELEMENT FOR LIFE IN THE CITY - Metalco Mobiliar\",\"isPartOf\":{\"@id\":\"https:\/\/metalco-mobiliar.cz\/#website\"},\"primaryImageOfPage\":{\"@id\":\"https:\/\/metalco-mobiliar.cz\/en\/garda-a-new-element-for-life-in-the-city\/#primaryimage\"},\"image\":{\"@id\":\"https:\/\/metalco-mobiliar.cz\/en\/garda-a-new-element-for-life-in-the-city\/#primaryimage\"},\"thumbnailUrl\":\"https:\/\/metalco-mobiliar.cz\/news\/wp-content\/uploads\/2021\/10\/box-na-j\u00eddzn\u00ed-kola.jpg\",\"datePublished\":\"2021-10-19T10:49:53+00:00\",\"dateModified\":\"2021-10-19T10:49:55+00:00\",\"author\":{\"@id\":\"https:\/\/metalco-mobiliar.cz\/#\/schema\/person\/f719e9041b7adf3796e1d6612590a5a2\"},\"breadcrumb\":{\"@id\":\"https:\/\/metalco-mobiliar.cz\/en\/garda-a-new-element-for-life-in-the-city\/#breadcrumb\"},\"inLanguage\":\"en-US\",\"potentialAction\":[{\"@type\":\"ReadAction\",\"target\":[\"https:\/\/metalco-mobiliar.cz\/en\/garda-a-new-element-for-life-in-the-city\/\"]}]},{\"@type\":\"ImageObject\",\"inLanguage\":\"en-US\",\"@id\":\"https:\/\/metalco-mobiliar.cz\/en\/garda-a-new-element-for-life-in-the-city\/#primaryimage\",\"url\":\"https:\/\/metalco-mobiliar.cz\/news\/wp-content\/uploads\/2021\/10\/box-na-j\u00eddzn\u00ed-kola.jpg\",\"contentUrl\":\"https:\/\/metalco-mobiliar.cz\/news\/wp-content\/uploads\/2021\/10\/box-na-j\u00eddzn\u00ed-kola.jpg\",\"width\":800,\"height\":505},{\"@type\":\"BreadcrumbList\",\"@id\":\"https:\/\/metalco-mobiliar.cz\/en\/garda-a-new-element-for-life-in-the-city\/#breadcrumb\",\"itemListElement\":[{\"@type\":\"ListItem\",\"position\":1,\"name\":\"Home\",\"item\":\"https:\/\/metalco-mobiliar.cz\/en\/\"},{\"@type\":\"ListItem\",\"position\":2,\"name\":\"GARDA A NEW ELEMENT FOR LIFE IN THE CITY\"}]},{\"@type\":\"WebSite\",\"@id\":\"https:\/\/metalco-mobiliar.cz\/#website\",\"url\":\"https:\/\/metalco-mobiliar.cz\/\",\"name\":\"Metalco \u2013 m\u011bstsk\u00fd mobili\u00e1\u0159\",\"description\":\"M\u011bstsk\u00fd mobili\u00e1\u0159 Metalco\",\"potentialAction\":[{\"@type\":\"SearchAction\",\"target\":{\"@type\":\"EntryPoint\",\"urlTemplate\":\"https:\/\/metalco-mobiliar.cz\/?s={search_term_string}\"},\"query-input\":\"required name=search_term_string\"}],\"inLanguage\":\"en-US\"},{\"@type\":\"Person\",\"@id\":\"https:\/\/metalco-mobiliar.cz\/#\/schema\/person\/f719e9041b7adf3796e1d6612590a5a2\",\"name\":\"metalco-mob\",\"image\":{\"@type\":\"ImageObject\",\"inLanguage\":\"en-US\",\"@id\":\"https:\/\/metalco-mobiliar.cz\/#\/schema\/person\/image\/\",\"url\":\"https:\/\/secure.gravatar.com\/avatar\/9c40d009c123e632fd259a6cd7e52661?s=96&d=mm&r=g\",\"contentUrl\":\"https:\/\/secure.gravatar.com\/avatar\/9c40d009c123e632fd259a6cd7e52661?s=96&d=mm&r=g\",\"caption\":\"metalco-mob\"}}]}<\/script>\n<!-- \/ Yoast SEO plugin. -->","yoast_head_json":{"title":"GARDA A NEW ELEMENT FOR LIFE IN THE CITY - Metalco Mobiliar","robots":{"index":"index","follow":"follow","max-snippet":"max-snippet:-1","max-image-preview":"max-image-preview:large","max-video-preview":"max-video-preview:-1"},"canonical":"https:\/\/metalco-mobiliar.cz\/en\/garda-a-new-element-for-life-in-the-city\/","og_locale":"en_US","og_type":"article","og_title":"GARDA A NEW ELEMENT FOR LIFE IN THE CITY - Metalco Mobiliar","og_description":"As our society seeks to transition towards an ever more sustainable lifestyle, a cleaner alternative to the systematic use of cars continues to gain ground: the bicycle. A cyclist, however, must be able find a place to park and store it in a way that is effective, efficient, and secure. Bicycle parking stations support sustainable [&hellip;]","og_url":"https:\/\/metalco-mobiliar.cz\/en\/garda-a-new-element-for-life-in-the-city\/","og_site_name":"Metalco Mobiliar","article_published_time":"2021-10-19T10:49:53+00:00","article_modified_time":"2021-10-19T10:49:55+00:00","og_image":[{"width":800,"height":505,"url":"https:\/\/metalco-mobiliar.cz\/news\/wp-content\/uploads\/2021\/10\/box-na-j\u00eddzn\u00ed-kola.jpg","type":"image\/jpeg"}],"author":"metalco-mob","twitter_misc":{"Written by":"metalco-mob"},"schema":{"@context":"https:\/\/schema.org","@graph":[{"@type":"WebPage","@id":"https:\/\/metalco-mobiliar.cz\/en\/garda-a-new-element-for-life-in-the-city\/","url":"https:\/\/metalco-mobiliar.cz\/en\/garda-a-new-element-for-life-in-the-city\/","name":"GARDA A NEW ELEMENT FOR LIFE IN THE CITY - Metalco Mobiliar","isPartOf":{"@id":"https:\/\/metalco-mobiliar.cz\/#website"},"primaryImageOfPage":{"@id":"https:\/\/metalco-mobiliar.cz\/en\/garda-a-new-element-for-life-in-the-city\/#primaryimage"},"image":{"@id":"https:\/\/metalco-mobiliar.cz\/en\/garda-a-new-element-for-life-in-the-city\/#primaryimage"},"thumbnailUrl":"https:\/\/metalco-mobiliar.cz\/news\/wp-content\/uploads\/2021\/10\/box-na-j\u00eddzn\u00ed-kola.jpg","datePublished":"2021-10-19T10:49:53+00:00","dateModified":"2021-10-19T10:49:55+00:00","author":{"@id":"https:\/\/metalco-mobiliar.cz\/#\/schema\/person\/f719e9041b7adf3796e1d6612590a5a2"},"breadcrumb":{"@id":"https:\/\/metalco-mobiliar.cz\/en\/garda-a-new-element-for-life-in-the-city\/#breadcrumb"},"inLanguage":"en-US","potentialAction":[{"@type":"ReadAction","target":["https:\/\/metalco-mobiliar.cz\/en\/garda-a-new-element-for-life-in-the-city\/"]}]},{"@type":"ImageObject","inLanguage":"en-US","@id":"https:\/\/metalco-mobiliar.cz\/en\/garda-a-new-element-for-life-in-the-city\/#primaryimage","url":"https:\/\/metalco-mobiliar.cz\/news\/wp-content\/uploads\/2021\/10\/box-na-j\u00eddzn\u00ed-kola.jpg","contentUrl":"https:\/\/metalco-mobiliar.cz\/news\/wp-content\/uploads\/2021\/10\/box-na-j\u00eddzn\u00ed-kola.jpg","width":800,"height":505},{"@type":"BreadcrumbList","@id":"https:\/\/metalco-mobiliar.cz\/en\/garda-a-new-element-for-life-in-the-city\/#breadcrumb","itemListElement":[{"@type":"ListItem","position":1,"name":"Home","item":"https:\/\/metalco-mobiliar.cz\/en\/"},{"@type":"ListItem","position":2,"name":"GARDA A NEW ELEMENT FOR LIFE IN THE CITY"}]},{"@type":"WebSite","@id":"https:\/\/metalco-mobiliar.cz\/#website","url":"https:\/\/metalco-mobiliar.cz\/","name":"Metalco \u2013 m\u011bstsk\u00fd mobili\u00e1\u0159","description":"M\u011bstsk\u00fd mobili\u00e1\u0159 Metalco","potentialAction":[{"@type":"SearchAction","target":{"@type":"EntryPoint","urlTemplate":"https:\/\/metalco-mobiliar.cz\/?s={search_term_string}"},"query-input":"required name=search_term_string"}],"inLanguage":"en-US"},{"@type":"Person","@id":"https:\/\/metalco-mobiliar.cz\/#\/schema\/person\/f719e9041b7adf3796e1d6612590a5a2","name":"metalco-mob","image":{"@type":"ImageObject","inLanguage":"en-US","@id":"https:\/\/metalco-mobiliar.cz\/#\/schema\/person\/image\/","url":"https:\/\/secure.gravatar.com\/avatar\/9c40d009c123e632fd259a6cd7e52661?s=96&d=mm&r=g","contentUrl":"https:\/\/secure.gravatar.com\/avatar\/9c40d009c123e632fd259a6cd7e52661?s=96&d=mm&r=g","caption":"metalco-mob"}}]}},"_links":{"self":[{"href":"https:\/\/metalco-mobiliar.cz\/en\/wp-json\/wp\/v2\/posts\/33343"}],"collection":[{"href":"https:\/\/metalco-mobiliar.cz\/en\/wp-json\/wp\/v2\/posts"}],"about":[{"href":"https:\/\/metalco-mobiliar.cz\/en\/wp-json\/wp\/v2\/types\/post"}],"author":[{"embeddable":true,"href":"https:\/\/metalco-mobiliar.cz\/en\/wp-json\/wp\/v2\/users\/318"}],"replies":[{"embeddable":true,"href":"https:\/\/metalco-mobiliar.cz\/en\/wp-json\/wp\/v2\/comments?post=33343"}],"version-history":[{"count":0,"href":"https:\/\/metalco-mobiliar.cz\/en\/wp-json\/wp\/v2\/posts\/33343\/revisions"}],"wp:featuredmedia":[{"embeddable":true,"href":"https:\/\/metalco-mobiliar.cz\/en\/wp-json\/wp\/v2\/media\/33340"}],"wp:attachment":[{"href":"https:\/\/metalco-mobiliar.cz\/en\/wp-json\/wp\/v2\/media?parent=33343"}],"wp:term":[{"taxonomy":"category","embeddable":true,"href":"https:\/\/metalco-mobiliar.cz\/en\/wp-json\/wp\/v2\/categories?post=33343"},{"taxonomy":"post_tag","embeddable":true,"href":"https:\/\/metalco-mobiliar.cz\/en\/wp-json\/wp\/v2\/tags?post=33343"}],"curies":[{"name":"wp","href":"https:\/\/api.w.org\/{rel}","templated":true}]}}